{"id":3872,"date":"2025-05-08T11:14:36","date_gmt":"2025-05-08T11:14:36","guid":{"rendered":"https:\/\/www.ecolmare.es\/?p=3872"},"modified":"2025-07-03T16:46:05","modified_gmt":"2025-07-03T16:46:05","slug":"refuerzo-de-la-limpieza-del-litoral-en-baleares","status":"publish","type":"post","link":"https:\/\/www.ecolmare.es\/ca\/refuerzo-de-la-limpieza-del-litoral-en-baleares\/","title":{"rendered":"Refuerzo de la limpieza del litoral en Baleares"},"content":{"rendered":"<div id=\"ez-toc-container\" class=\"ez-toc-v2_0_76 counter-hierarchy ez-toc-counter ez-toc-custom ez-toc-container-direction\">\n<div class=\"ez-toc-title-container\">\n<p class=\"ez-toc-title\" style=\"cursor:inherit\">Taula de continguts<\/p>\n<span class=\"ez-toc-title-toggle\"><a href=\"#\" class=\"ez-toc-pull-right ez-toc-btn ez-toc-btn-xs ez-toc-btn-default ez-toc-toggle\" aria-label=\"Toggle Table of Content\"><span class=\"ez-toc-js-icon-con\"><span class=\"\"><span class=\"eztoc-hide\" style=\"display:none;\">Canvia<\/span><span class=\"ez-toc-icon-toggle-span\"><svg style=\"fill: #999;color:#999\" xmlns=\"http:\/\/www.w3.org\/2000\/svg\" class=\"list-377408\" width=\"20px\" height=\"20px\" viewbox=\"0 0 24 24\" fill=\"none\"><path d=\"M6 6H4v2h2V6zm14 0H8v2h12V6zM4 11h2v2H4v-2zm16 0H8v2h12v-2zM4 16h2v2H4v-2zm16 0H8v2h12v-2z\" fill=\"currentColor\"><\/path><\/svg><svg style=\"fill: #999;color:#999\" class=\"arrow-unsorted-368013\" xmlns=\"http:\/\/www.w3.org\/2000\/svg\" width=\"10px\" height=\"10px\" viewbox=\"0 0 24 24\" version=\"1.2\" baseprofile=\"tiny\"><path d=\"M18.2 9.3l-6.2-6.3-6.2 6.3c-.2.2-.3.4-.3.7s.1.5.3.7c.2.2.4.3.7.3h11c.3 0 .5-.1.7-.3.2-.2.3-.5.3-.7s-.1-.5-.3-.7zM5.8 14.7l6.2 6.3 6.2-6.3c.2-.2.3-.5.3-.7s-.1-.5-.3-.7c-.2-.2-.4-.3-.7-.3h-11c-.3 0-.5.1-.7.3-.2.2-.3.5-.3.7s.1.5.3.7z\"\/><\/svg><\/span><\/span><\/span><\/a><\/span><\/div>\n<nav><ul class='ez-toc-list ez-toc-list-level-1' ><li class='ez-toc-page-1 ez-toc-heading-level-2'><a class=\"ez-toc-link ez-toc-heading-1\" href=\"https:\/\/www.ecolmare.es\/ca\/refuerzo-de-la-limpieza-del-litoral-en-baleares\/#Comienzo_de_la_campana_1_de_mayo\" >Comienzo de la campa\u00f1a: 1 de mayo<\/a><\/li><li class='ez-toc-page-1 ez-toc-heading-level-2'><a class=\"ez-toc-link ez-toc-heading-2\" href=\"https:\/\/www.ecolmare.es\/ca\/refuerzo-de-la-limpieza-del-litoral-en-baleares\/#Mas_embarcaciones_y_mayor_cobertura\" >M\u00e1s embarcaciones y mayor cobertura<\/a><\/li><li class='ez-toc-page-1 ez-toc-heading-level-2'><a class=\"ez-toc-link ez-toc-heading-3\" href=\"https:\/\/www.ecolmare.es\/ca\/refuerzo-de-la-limpieza-del-litoral-en-baleares\/#Un_esfuerzo_conjunto_limpieza_y_prevencion\" >Un esfuerzo conjunto: limpieza y prevenci\u00f3n<\/a><\/li><li class='ez-toc-page-1 ez-toc-heading-level-2'><a class=\"ez-toc-link ez-toc-heading-4\" href=\"https:\/\/www.ecolmare.es\/ca\/refuerzo-de-la-limpieza-del-litoral-en-baleares\/#Inversion_sostenible\" >Inversi\u00f3n sostenible<\/a><\/li><li class='ez-toc-page-1 ez-toc-heading-level-2'><a class=\"ez-toc-link ez-toc-heading-5\" href=\"https:\/\/www.ecolmare.es\/ca\/refuerzo-de-la-limpieza-del-litoral-en-baleares\/#Resultados_y_objetivo_para_este_ano\" >Resultados y objetivo para este a\u00f1o<\/a><\/li><li class='ez-toc-page-1 ez-toc-heading-level-2'><a class=\"ez-toc-link ez-toc-heading-6\" href=\"https:\/\/www.ecolmare.es\/ca\/refuerzo-de-la-limpieza-del-litoral-en-baleares\/#Llamamiento_a_la_ciudadania\" >Llamamiento a la ciudadan\u00eda<\/a><\/li><\/ul><\/nav><\/div>\n<div class=\"wpb-content-wrapper\"><div class=\"vc_row wpb_row vc_row-fluid\"><div class=\"wpb_column vc_column_container vc_col-sm-12\"><div class=\"vc_column-inner\"><div class=\"wpb_wrapper\">\n\t<div class=\"wpb_text_column wpb_content_element\" >\n\t\t<div class=\"wpb_wrapper\">\n\t\t\t<h2><span class=\"ez-toc-section\" id=\"Comienzo_de_la_campana_1_de_mayo\"><\/span>Comienzo de la campa\u00f1a: 1 de mayo<span class=\"ez-toc-section-end\"><\/span><\/h2>\n<p>La <strong>Conselleria de la Mar<\/strong> ha anunciado el refuerzo de la campa\u00f1a de neteja del litoral balear, que dar\u00e1 comienzo el pr\u00f3ximo <strong>1 de mayo<\/strong> y se extender\u00e1 hasta el <strong>30 de septiembre<\/strong>. El conseller Juan Manuel Lafuente present\u00f3 las novedades en el <strong>Port de Palma<\/strong>, destacando el aumento de medios disponibles para esta temporada.<\/p>\n\n\t\t<\/div>\n\t<\/div>\n<\/div><\/div><\/div><\/div><div class=\"vc_row wpb_row vc_row-fluid vc_custom_1746703190539\"><div class=\"wpb_column vc_column_container vc_col-sm-12\"><div class=\"vc_column-inner\"><div class=\"wpb_wrapper\">\n\t<div class=\"wpb_raw_code wpb_raw_html wpb_content_element\" >\n\t\t<div class=\"wpb_wrapper\">\n\t\t\t<div class=\"easyhtml5video\" style=\"position:relative;max-width:856px;\"><video controls=\"controls\" poster=\"https:\/\/www.ecolmare.es\/html5video\/001.jpg\" style=\"width:100%\" title=\"001\">\n<source src=\"https:\/\/www.ecolmare.es\/html5video\/001.m4v\" type=\"video\/mp4\" \/>\n<source src=\"https:\/\/www.ecolmare.es\/html5video\/001.webm\" type=\"video\/webm\" \/>\n<source src=\"https:\/\/www.ecolmare.es\/html5video\/001.mp4\" \/>\n<\/video> <\/div>\n\n\n\t\t<\/div>\n\t<\/div>\n<\/div><\/div><\/div><\/div><div class=\"vc_row wpb_row vc_row-fluid\"><div class=\"wpb_column vc_column_container vc_col-sm-12\"><div class=\"vc_column-inner\"><div class=\"wpb_wrapper\">\n\t<div class=\"wpb_text_column wpb_content_element\" >\n\t\t<div class=\"wpb_wrapper\">\n\t\t\t<h2><span class=\"ez-toc-section\" id=\"Mas_embarcaciones_y_mayor_cobertura\"><\/span>M\u00e1s embarcaciones y mayor cobertura<span class=\"ez-toc-section-end\"><\/span><\/h2>\n<p>En total, <strong>23 embarcaciones<\/strong> recorrer\u00e1n las costas de Baleares durante el verano, <strong>dos m\u00e1s que el a\u00f1o anterior<\/strong>. La mayor\u00eda de ellas est\u00e1n dise\u00f1adas para trabajar <strong>cerca de la costa<\/strong>, recogiendo residuos flotantes peque\u00f1os, como pl\u00e1sticos y madera. Adem\u00e1s, se incorporan embarcaciones m\u00e1s robustas, preparadas para <strong>recoger residuos de mayor tama\u00f1o<\/strong> y operar en <strong>condiciones mar\u00edtimas adversas<\/strong>.<\/p>\n\n\t\t<\/div>\n\t<\/div>\n<\/div><\/div><\/div><\/div><div class=\"vc_row wpb_row vc_row-fluid vc_custom_1746703190539\"><div class=\"wpb_column vc_column_container vc_col-sm-12\"><div class=\"vc_column-inner\"><div class=\"wpb_wrapper\">\n\t<div class=\"wpb_raw_code wpb_raw_html wpb_content_element\" >\n\t\t<div class=\"wpb_wrapper\">\n\t\t\t<div class=\"easyhtml5video\" style=\"position:relative;max-width:856px;\"><video controls=\"controls\" poster=\"https:\/\/www.ecolmare.es\/html5video\/002.jpg\" style=\"width:100%\" title=\"002\">\n<source src=\"https:\/\/www.ecolmare.es\/html5video\/002.m4v\" type=\"video\/mp4\" \/>\n<source src=\"https:\/\/www.ecolmare.es\/html5video\/002.webm\" type=\"video\/webm\" \/>\n<source src=\"https:\/\/www.ecolmare.es\/html5video\/002.mp4\" \/>\n<\/video> <\/div>\n\n\n\t\t<\/div>\n\t<\/div>\n<\/div><\/div><\/div><\/div><div class=\"vc_row wpb_row vc_row-fluid\"><div class=\"wpb_column vc_column_container vc_col-sm-12\"><div class=\"vc_column-inner\"><div class=\"wpb_wrapper\">\n\t<div class=\"wpb_text_column wpb_content_element\" >\n\t\t<div class=\"wpb_wrapper\">\n\t\t\t<h2><span class=\"ez-toc-section\" id=\"Un_esfuerzo_conjunto_limpieza_y_prevencion\"><\/span>Un esfuerzo conjunto: limpieza y prevenci\u00f3n<span class=\"ez-toc-section-end\"><\/span><\/h2>\n<p>Este incremento de medios no solo busca mejorar la limpieza del litoral, sino tambi\u00e9n <strong>reforzar la prevenci\u00f3n de la contaminaci\u00f3n marina<\/strong>. Seg\u00fan la Conselleria, se trata de un enfoque integral que combina la recogida activa de residuos con la concienciaci\u00f3n ciudadana.<\/p>\n\n\t\t<\/div>\n\t<\/div>\n<\/div><\/div><\/div><\/div><div class=\"vc_row wpb_row vc_row-fluid\"><div class=\"wpb_column vc_column_container vc_col-sm-12\"><div class=\"vc_column-inner\"><div class=\"wpb_wrapper\">\n\t<div class=\"wpb_text_column wpb_content_element\" >\n\t\t<div class=\"wpb_wrapper\">\n\t\t\t<h2><span class=\"ez-toc-section\" id=\"Inversion_sostenible\"><\/span>Inversi\u00f3n sostenible<span class=\"ez-toc-section-end\"><\/span><\/h2>\n<p>La campa\u00f1a cuenta con un presupuesto total de <strong>1,5 millones de euros<\/strong>, financiados \u00edntegramente a trav\u00e9s del <strong>impuesto de turismo sostenible<\/strong>. Esta inversi\u00f3n se traduce en un esfuerzo coordinado para proteger uno de los bienes m\u00e1s preciados de las Islas Baleares: <strong>el mar<\/strong>.<\/p>\n\n\t\t<\/div>\n\t<\/div>\n<\/div><\/div><\/div><\/div><div class=\"vc_row wpb_row vc_row-fluid\"><div class=\"wpb_column vc_column_container vc_col-sm-12\"><div class=\"vc_column-inner\"><div class=\"wpb_wrapper\">\n\t<div class=\"wpb_text_column wpb_content_element\" >\n\t\t<div class=\"wpb_wrapper\">\n\t\t\t<h2><span class=\"ez-toc-section\" id=\"Resultados_y_objetivo_para_este_ano\"><\/span>Resultados y objetivo para este a\u00f1o<span class=\"ez-toc-section-end\"><\/span><\/h2>\n<p>Durante la campa\u00f1a del a\u00f1o pasado se recogieron <strong>27 toneladas de residuos<\/strong>, principalmente pl\u00e1sticos y madera. La expectativa para este a\u00f1o es <strong>reducir esa cifra<\/strong>, lo cual ser\u00eda un indicador de que el litoral est\u00e1 m\u00e1s limpio y que la poblaci\u00f3n est\u00e1 cada vez m\u00e1s comprometida con el cuidado del entorno marino.<\/p>\n\n\t\t<\/div>\n\t<\/div>\n<\/div><\/div><\/div><\/div><div class=\"vc_row wpb_row vc_row-fluid\"><div class=\"wpb_column vc_column_container vc_col-sm-12\"><div class=\"vc_column-inner\"><div class=\"wpb_wrapper\">\n\t<div class=\"wpb_text_column wpb_content_element\" >\n\t\t<div class=\"wpb_wrapper\">\n\t\t\t<h2><span class=\"ez-toc-section\" id=\"Llamamiento_a_la_ciudadania\"><\/span>Llamamiento a la ciudadan\u00eda<span class=\"ez-toc-section-end\"><\/span><\/h2>\n<p>Desde la Conselleria se destaca la importancia del refuerzo de medios, pero tambi\u00e9n se hace un llamamiento a la ciudadan\u00eda:<\/p>\n<blockquote><p>\n\u201cSi recogemos menos residuos, significar\u00e1 que el mar est\u00e1 m\u00e1s limpio. Por eso es fundamental que todos cuidemos del medio marino.\u201d\n<\/p><\/blockquote>\n\n\t\t<\/div>\n\t<\/div>\n<\/div><\/div><\/div><\/div><div class=\"vc_row wpb_row vc_row-fluid\"><div class=\"wpb_column vc_column_container vc_col-sm-12\"><div class=\"vc_column-inner\"><div class=\"wpb_wrapper\">\n\t<div class=\"wpb_raw_code wpb_raw_js\" >\n\t\t<div class=\"wpb_wrapper\">\n\t\t\t<script src=\"https:\/\/www.ecolmare.es\/eh5v.files\/html5video\/html5ext.js\" type=\"text\/javascript\"><\/script>\n\t\t<\/div>\n\t<\/div>\n<\/div><\/div><\/div><\/div>\n<\/div>","protected":false},"excerpt":{"rendered":"<p>Comienzo de la campa\u00f1a: 1 de mayo La Conselleria de la Mar ha anunciado el refuerzo de la campa\u00f1a de neteja del litoral balear, que dar\u00e1 comienzo el pr\u00f3ximo 1 de mayo y se extender\u00e1 hasta el 30 de septiembre. El conseller Juan Manuel Lafuente present\u00f3 las novedades en el Port de Palma, destacando el&hellip;<\/p>","protected":false},"author":1,"featured_media":3880,"comment_status":"closed","ping_status":"open","sticky":false,"template":"","format":"standard","meta":{"inline_featured_image":false,"_joinchat":[],"footnotes":""},"categories":[1],"tags":[],"class_list":["post-3872","post","type-post","status-publish","format-standard","has-post-thumbnail","hentry","category-ecolmare","category-1","description-off"],"_links":{"self":[{"href":"https:\/\/www.ecolmare.es\/ca\/wp-json\/wp\/v2\/posts\/3872","targetHints":{"allow":["GET"]}}],"collection":[{"href":"https:\/\/www.ecolmare.es\/ca\/wp-json\/wp\/v2\/posts"}],"about":[{"href":"https:\/\/www.ecolmare.es\/ca\/wp-json\/wp\/v2\/types\/post"}],"author":[{"embeddable":true,"href":"https:\/\/www.ecolmare.es\/ca\/wp-json\/wp\/v2\/users\/1"}],"replies":[{"embeddable":true,"href":"https:\/\/www.ecolmare.es\/ca\/wp-json\/wp\/v2\/comments?post=3872"}],"version-history":[{"count":0,"href":"https:\/\/www.ecolmare.es\/ca\/wp-json\/wp\/v2\/posts\/3872\/revisions"}],"wp:featuredmedia":[{"embeddable":true,"href":"https:\/\/www.ecolmare.es\/ca\/wp-json\/wp\/v2\/media\/3880"}],"wp:attachment":[{"href":"https:\/\/www.ecolmare.es\/ca\/wp-json\/wp\/v2\/media?parent=3872"}],"wp:term":[{"taxonomy":"category","embeddable":true,"href":"https:\/\/www.ecolmare.es\/ca\/wp-json\/wp\/v2\/categories?post=3872"},{"taxonomy":"post_tag","embeddable":true,"href":"https:\/\/www.ecolmare.es\/ca\/wp-json\/wp\/v2\/tags?post=3872"}],"curies":[{"name":"wp","href":"https:\/\/api.w.org\/{rel}","templated":true}]}}